{"id":592,"date":"2019-11-08T06:00:54","date_gmt":"2019-11-08T06:00:54","guid":{"rendered":"http:\/\/neu.hacker-feinmechanik.de\/?p=592"},"modified":"2024-06-14T08:49:40","modified_gmt":"2024-06-14T07:49:40","slug":"wieder-ein-1er-azubi-bei-der-hacker-feinmechanik-gmbh","status":"publish","type":"post","link":"https:\/\/mikrotech.sk\/sk\/wieder-ein-1er-azubi-bei-der-hacker-feinmechanik-gmbh\/","title":{"rendered":"MIKROTECH OSL\u00c1VIL 25. V\u00ddRO\u010cIE ZALO\u017dENIA"},"content":{"rendered":"<div id='full_slider_1'  class='avia-fullwidth-slider main_color avia-shadow   avia-builder-el-0  el_before_av_two_third  avia-builder-el-first   container_wrap fullsize'  ><div  class='avia-slideshow av-oh5wo-b7583d5a7ab9eb00ffa83ca02249bc6d avia-slideshow-no scaling av_slideshow_full avia-slide-slider av-slideshow-ui av-control-default av-slideshow-manual av-loop-once av-loop-manual-endless av-default-height-applied   avia-slideshow-1' data-slideshow-options=\"{&quot;animation&quot;:&quot;slide&quot;,&quot;autoplay&quot;:false,&quot;loop_autoplay&quot;:&quot;once&quot;,&quot;interval&quot;:5,&quot;loop_manual&quot;:&quot;manual-endless&quot;,&quot;autoplay_stopper&quot;:false,&quot;noNavigation&quot;:false,&quot;bg_slider&quot;:false,&quot;keep_padding&quot;:false,&quot;hoverpause&quot;:false,&quot;show_slide_delay&quot;:0}\"  itemprop=\"image\" itemscope=\"itemscope\" itemtype=\"https:\/\/schema.org\/ImageObject\" ><ul class='avia-slideshow-inner ' style='padding-bottom: 21.09375%;'><li  class='avia-slideshow-slide av-oh5wo-b7583d5a7ab9eb00ffa83ca02249bc6d__0  av-single-slide slide-1 slide-odd'><div data-rel='slideshow-1' class='avia-slide-wrap '   ><img decoding=\"async\" fetchpriority=\"high\" class=\"wp-image-3638 avia-img-lazy-loading-not-3638\"  src=\"https:\/\/mikrotech.sk\/wp-content\/uploads\/2023\/03\/platzhalter-news-header-1.jpg\" width=\"1920\" height=\"405\" title='platzhalter-news-header (1)' alt=''  itemprop=\"thumbnailUrl\" srcset=\"https:\/\/mikrotech.sk\/wp-content\/uploads\/2023\/03\/platzhalter-news-header-1.jpg 1920w, https:\/\/mikrotech.sk\/wp-content\/uploads\/2023\/03\/platzhalter-news-header-1-300x63.jpg 300w, https:\/\/mikrotech.sk\/wp-content\/uploads\/2023\/03\/platzhalter-news-header-1-1030x217.jpg 1030w, https:\/\/mikrotech.sk\/wp-content\/uploads\/2023\/03\/platzhalter-news-header-1-768x162.jpg 768w, https:\/\/mikrotech.sk\/wp-content\/uploads\/2023\/03\/platzhalter-news-header-1-1536x324.jpg 1536w, https:\/\/mikrotech.sk\/wp-content\/uploads\/2023\/03\/platzhalter-news-header-1-1500x316.jpg 1500w, https:\/\/mikrotech.sk\/wp-content\/uploads\/2023\/03\/platzhalter-news-header-1-705x149.jpg 705w\" sizes=\"(max-width: 1920px) 100vw, 1920px\" \/><\/div><\/li><\/ul><\/div><\/div><div id='after_full_slider_1'  class='main_color av_default_container_wrap container_wrap fullsize'  ><div class='container av-section-cont-open' ><div class='template-page content  av-content-full alpha units'><div class='post-entry post-entry-type-page post-entry-592'><div class='entry-content-wrapper clearfix'>\n<div  class='flex_column av-n4x0w-a43d3110010250862076a0c8112e7b03 av_two_third  avia-builder-el-1  el_after_av_slideshow_full  avia-builder-el-no-sibling  first flex_column_div  '     ><section  class='av_textblock_section av-lfupi730-a568f0f042962223f7b0de8a3fde2a11 '   itemscope=\"itemscope\" itemtype=\"https:\/\/schema.org\/BlogPosting\" itemprop=\"blogPost\" ><div class='avia_textblock'  itemprop=\"text\" ><h1>MIKROTECH OSL\u00c1VIL 25. V\u00ddRO\u010cIE ZALO\u017dENIA<\/h1>\n<\/div><\/section><br \/>\n\n<style type=\"text\/css\" data-created_by=\"avia_inline_auto\" id=\"style-css-av-hjajc-ddbe70eb2bac7f0ff1bf4b056d30351f\">\n#top .hr.av-hjajc-ddbe70eb2bac7f0ff1bf4b056d30351f{\nmargin-top:10px;\nmargin-bottom:30px;\n}\n.hr.av-hjajc-ddbe70eb2bac7f0ff1bf4b056d30351f .hr-inner{\nwidth:80px;\nborder-color:#00519e;\n}\n<\/style>\n<div  class='hr av-hjajc-ddbe70eb2bac7f0ff1bf4b056d30351f hr-custom  avia-builder-el-3  el_after_av_textblock  el_before_av_image  hr-left hr-icon-no'><span class='hr-inner inner-border-av-border-fat'><span class=\"hr-inner-style\"><\/span><\/span><\/div><br \/>\n\n<style type=\"text\/css\" data-created_by=\"avia_inline_auto\" id=\"style-css-av-9w7rc-bfbafbc14ed062c91b4f2e41f7db3467\">\n.avia-image-container.av-9w7rc-bfbafbc14ed062c91b4f2e41f7db3467 img.avia_image{\nbox-shadow:none;\n}\n.avia-image-container.av-9w7rc-bfbafbc14ed062c91b4f2e41f7db3467 .av-image-caption-overlay-center{\ncolor:#ffffff;\n}\n<\/style>\n<div  class='avia-image-container av-9w7rc-bfbafbc14ed062c91b4f2e41f7db3467 av-styling- avia-align-center  avia-builder-el-4  el_after_av_hr  el_before_av_textblock '   itemprop=\"image\" itemscope=\"itemscope\" itemtype=\"https:\/\/schema.org\/ImageObject\" ><div class=\"avia-image-container-inner\"><div class=\"avia-image-overlay-wrap\"><img decoding=\"async\" fetchpriority=\"high\" class='wp-image-2898 avia-img-lazy-loading-not-2898 avia_image ' src=\"https:\/\/mikrotech.sk\/wp-content\/uploads\/2019\/11\/foto-01-59-07-13-09-19.jpg\" alt='' title='foto-01-59-07-13-09-19'  height=\"1000\" width=\"750\"  itemprop=\"thumbnailUrl\" srcset=\"https:\/\/mikrotech.sk\/wp-content\/uploads\/2019\/11\/foto-01-59-07-13-09-19.jpg 750w, https:\/\/mikrotech.sk\/wp-content\/uploads\/2019\/11\/foto-01-59-07-13-09-19-225x300.jpg 225w, https:\/\/mikrotech.sk\/wp-content\/uploads\/2019\/11\/foto-01-59-07-13-09-19-529x705.jpg 529w\" sizes=\"(max-width: 750px) 100vw, 750px\" \/><\/div><\/div><\/div><br \/>\n<section  class='av_textblock_section av-lfupiyk2-557c34e53c5e012c490a64670b91d69e '   itemscope=\"itemscope\" itemtype=\"https:\/\/schema.org\/BlogPosting\" itemprop=\"blogPost\" ><div class='avia_textblock'  itemprop=\"text\" ><p>23. augusta 2019 ovl\u00e1dla zamestnancov\u00a0spolo\u010dnosti Mikrotech sl\u00e1vnostn\u00e1 n\u00e1lada. Stretli sa spolu so svojimi partnermi a tie\u017e s niektor\u00fdmi kolegami z\u00a0materskej spolo\u010dnosti Hacker Feinmechanik GmbH z\u00a0Nemecka, aby\u00a0v podve\u010dern\u00fdch hodin\u00e1ch osl\u00e1vili 25. v\u00fdro\u010die zalo\u017eenia spolo\u010dnosti. P\u00f4sobenie firmy kr\u00e1tko zhodnotili p\u00e1ni Franti\u0161ek Li\u0161an\u00edk, konate\u013e spolo\u010dnosti a Karl Hacker, majite\u013e.<\/p>\n<\/div><\/section><\/p><\/div>\n","protected":false},"excerpt":{"rendered":"<p>23. augusta 2019 ovl\u00e1dla zamestnancov spolo\u010dnosti Mikrotech sl\u00e1vnostn\u00e1 n\u00e1lada. Stretli sa spolu so svojimi partnermi a tie\u017e s niektor\u00fdmi kolegami z materskej spolo\u010dnosti Hacker Feinmechanik GmbH z Nemecka, aby v podve\u010dern\u00fdch hodin\u00e1ch osl\u00e1vili 25. v\u00fdro\u010die zalo\u017eenia spolo\u010dnosti. <\/p>\n","protected":false},"author":2,"featured_media":2898,"comment_status":"open","ping_status":"closed","sticky":false,"template":"","format":"standard","meta":{"footnotes":""},"categories":[],"tags":[],"class_list":["post-592","post","type-post","status-publish","format-standard","has-post-thumbnail","hentry"],"yoast_head":"<!-- This site is optimized with the Yoast SEO plugin v27.4 - https:\/\/yoast.com\/product\/yoast-seo-wordpress\/ -->\n<title>MIKROTECH OSL\u00c1VIL 25. V\u00ddRO\u010cIE ZALO\u017dENIA - Mikrotech s.r.o.<\/title>\n<meta name=\"robots\" content=\"index, follow, max-snippet:-1, max-image-preview:large, max-video-preview:-1\" \/>\n<link rel=\"canonical\" href=\"https:\/\/mikrotech.sk\/microtech-feierte-25-jahrestag-der-gruendung\/\" \/>\n<meta property=\"og:locale\" content=\"sk_SK\" \/>\n<meta property=\"og:type\" content=\"article\" \/>\n<meta property=\"og:title\" content=\"MIKROTECH OSL\u00c1VIL 25. V\u00ddRO\u010cIE ZALO\u017dENIA - Mikrotech s.r.o.\" \/>\n<meta property=\"og:description\" content=\"23. augusta 2019 ovl\u00e1dla zamestnancov spolo\u010dnosti Mikrotech sl\u00e1vnostn\u00e1 n\u00e1lada. Stretli sa spolu so svojimi partnermi a tie\u017e s niektor\u00fdmi kolegami z materskej spolo\u010dnosti Hacker Feinmechanik GmbH z Nemecka, aby v podve\u010dern\u00fdch hodin\u00e1ch osl\u00e1vili 25. v\u00fdro\u010die zalo\u017eenia spolo\u010dnosti.\" \/>\n<meta property=\"og:url\" content=\"https:\/\/mikrotech.sk\/microtech-feierte-25-jahrestag-der-gruendung\/\" \/>\n<meta property=\"og:site_name\" content=\"Mikrotech s.r.o.\" \/>\n<meta property=\"article:published_time\" content=\"2019-11-08T06:00:54+00:00\" \/>\n<meta property=\"article:modified_time\" content=\"2024-06-14T07:49:40+00:00\" \/>\n<meta property=\"og:image\" content=\"https:\/\/mikrotech.sk\/wp-content\/uploads\/2019\/11\/foto-01-59-07-13-09-19.jpg\" \/>\n\t<meta property=\"og:image:width\" content=\"750\" \/>\n\t<meta property=\"og:image:height\" content=\"1000\" \/>\n\t<meta property=\"og:image:type\" content=\"image\/jpeg\" \/>\n<meta name=\"author\" content=\"Luc@\" \/>\n<meta name=\"twitter:card\" content=\"summary_large_image\" \/>\n<meta name=\"twitter:label1\" content=\"Autor\" \/>\n\t<meta name=\"twitter:data1\" content=\"Luc@\" \/>\n\t<meta name=\"twitter:label2\" content=\"Predpokladan\u00fd \u010das \u010d\u00edtania\" \/>\n\t<meta name=\"twitter:data2\" content=\"6 min\u00fat\" \/>\n<script type=\"application\/ld+json\" class=\"yoast-schema-graph\">{\"@context\":\"https:\\\/\\\/schema.org\",\"@graph\":[{\"@type\":\"Article\",\"@id\":\"https:\\\/\\\/mikrotech.sk\\\/microtech-feierte-25-jahrestag-der-gruendung\\\/#article\",\"isPartOf\":{\"@id\":\"https:\\\/\\\/mikrotech.sk\\\/microtech-feierte-25-jahrestag-der-gruendung\\\/\"},\"author\":{\"name\":\"Luc@\",\"@id\":\"https:\\\/\\\/mikrotech.sk\\\/sk\\\/#\\\/schema\\\/person\\\/71e12453224fbf0285e65ce4595be462\"},\"headline\":\"MIKROTECH OSL\u00c1VIL 25. V\u00ddRO\u010cIE ZALO\u017dENIA\",\"datePublished\":\"2019-11-08T06:00:54+00:00\",\"dateModified\":\"2024-06-14T07:49:40+00:00\",\"mainEntityOfPage\":{\"@id\":\"https:\\\/\\\/mikrotech.sk\\\/microtech-feierte-25-jahrestag-der-gruendung\\\/\"},\"wordCount\":916,\"commentCount\":0,\"image\":{\"@id\":\"https:\\\/\\\/mikrotech.sk\\\/microtech-feierte-25-jahrestag-der-gruendung\\\/#primaryimage\"},\"thumbnailUrl\":\"https:\\\/\\\/mikrotech.sk\\\/wp-content\\\/uploads\\\/2019\\\/11\\\/foto-01-59-07-13-09-19.jpg\",\"inLanguage\":\"sk-SK\",\"potentialAction\":[{\"@type\":\"CommentAction\",\"name\":\"Comment\",\"target\":[\"https:\\\/\\\/mikrotech.sk\\\/microtech-feierte-25-jahrestag-der-gruendung\\\/#respond\"]}]},{\"@type\":\"WebPage\",\"@id\":\"https:\\\/\\\/mikrotech.sk\\\/microtech-feierte-25-jahrestag-der-gruendung\\\/\",\"url\":\"https:\\\/\\\/mikrotech.sk\\\/microtech-feierte-25-jahrestag-der-gruendung\\\/\",\"name\":\"MIKROTECH OSL\u00c1VIL 25. V\u00ddRO\u010cIE ZALO\u017dENIA - Mikrotech s.r.o.\",\"isPartOf\":{\"@id\":\"https:\\\/\\\/mikrotech.sk\\\/sk\\\/#website\"},\"primaryImageOfPage\":{\"@id\":\"https:\\\/\\\/mikrotech.sk\\\/microtech-feierte-25-jahrestag-der-gruendung\\\/#primaryimage\"},\"image\":{\"@id\":\"https:\\\/\\\/mikrotech.sk\\\/microtech-feierte-25-jahrestag-der-gruendung\\\/#primaryimage\"},\"thumbnailUrl\":\"https:\\\/\\\/mikrotech.sk\\\/wp-content\\\/uploads\\\/2019\\\/11\\\/foto-01-59-07-13-09-19.jpg\",\"datePublished\":\"2019-11-08T06:00:54+00:00\",\"dateModified\":\"2024-06-14T07:49:40+00:00\",\"author\":{\"@id\":\"https:\\\/\\\/mikrotech.sk\\\/sk\\\/#\\\/schema\\\/person\\\/71e12453224fbf0285e65ce4595be462\"},\"breadcrumb\":{\"@id\":\"https:\\\/\\\/mikrotech.sk\\\/microtech-feierte-25-jahrestag-der-gruendung\\\/#breadcrumb\"},\"inLanguage\":\"sk-SK\",\"potentialAction\":[{\"@type\":\"ReadAction\",\"target\":[\"https:\\\/\\\/mikrotech.sk\\\/microtech-feierte-25-jahrestag-der-gruendung\\\/\"]}]},{\"@type\":\"ImageObject\",\"inLanguage\":\"sk-SK\",\"@id\":\"https:\\\/\\\/mikrotech.sk\\\/microtech-feierte-25-jahrestag-der-gruendung\\\/#primaryimage\",\"url\":\"https:\\\/\\\/mikrotech.sk\\\/wp-content\\\/uploads\\\/2019\\\/11\\\/foto-01-59-07-13-09-19.jpg\",\"contentUrl\":\"https:\\\/\\\/mikrotech.sk\\\/wp-content\\\/uploads\\\/2019\\\/11\\\/foto-01-59-07-13-09-19.jpg\",\"width\":750,\"height\":1000},{\"@type\":\"BreadcrumbList\",\"@id\":\"https:\\\/\\\/mikrotech.sk\\\/microtech-feierte-25-jahrestag-der-gruendung\\\/#breadcrumb\",\"itemListElement\":[{\"@type\":\"ListItem\",\"position\":1,\"name\":\"Startseite\",\"item\":\"https:\\\/\\\/mikrotech.sk\\\/sk\\\/\"},{\"@type\":\"ListItem\",\"position\":2,\"name\":\"MIKROTECH OSL\u00c1VIL 25. V\u00ddRO\u010cIE ZALO\u017dENIA\"}]},{\"@type\":\"WebSite\",\"@id\":\"https:\\\/\\\/mikrotech.sk\\\/sk\\\/#website\",\"url\":\"https:\\\/\\\/mikrotech.sk\\\/sk\\\/\",\"name\":\"Mikrotech s.r.o.\",\"description\":\"s\u00fastru\u017een\u00e9 diely, fr\u00e9zovan\u00e9 diely, br\u00fasen\u00e9 diely\",\"potentialAction\":[{\"@type\":\"SearchAction\",\"target\":{\"@type\":\"EntryPoint\",\"urlTemplate\":\"https:\\\/\\\/mikrotech.sk\\\/sk\\\/?s={search_term_string}\"},\"query-input\":{\"@type\":\"PropertyValueSpecification\",\"valueRequired\":true,\"valueName\":\"search_term_string\"}}],\"inLanguage\":\"sk-SK\"},{\"@type\":\"Person\",\"@id\":\"https:\\\/\\\/mikrotech.sk\\\/sk\\\/#\\\/schema\\\/person\\\/71e12453224fbf0285e65ce4595be462\",\"name\":\"Luc@\",\"url\":\"https:\\\/\\\/mikrotech.sk\\\/sk\\\/author\\\/luc\\\/\"}]}<\/script>\n<!-- \/ Yoast SEO plugin. -->","yoast_head_json":{"title":"MIKROTECH OSL\u00c1VIL 25. V\u00ddRO\u010cIE ZALO\u017dENIA - Mikrotech s.r.o.","robots":{"index":"index","follow":"follow","max-snippet":"max-snippet:-1","max-image-preview":"max-image-preview:large","max-video-preview":"max-video-preview:-1"},"canonical":"https:\/\/mikrotech.sk\/microtech-feierte-25-jahrestag-der-gruendung\/","og_locale":"sk_SK","og_type":"article","og_title":"MIKROTECH OSL\u00c1VIL 25. V\u00ddRO\u010cIE ZALO\u017dENIA - Mikrotech s.r.o.","og_description":"23. augusta 2019 ovl\u00e1dla zamestnancov spolo\u010dnosti Mikrotech sl\u00e1vnostn\u00e1 n\u00e1lada. Stretli sa spolu so svojimi partnermi a tie\u017e s niektor\u00fdmi kolegami z materskej spolo\u010dnosti Hacker Feinmechanik GmbH z Nemecka, aby v podve\u010dern\u00fdch hodin\u00e1ch osl\u00e1vili 25. v\u00fdro\u010die zalo\u017eenia spolo\u010dnosti.","og_url":"https:\/\/mikrotech.sk\/microtech-feierte-25-jahrestag-der-gruendung\/","og_site_name":"Mikrotech s.r.o.","article_published_time":"2019-11-08T06:00:54+00:00","article_modified_time":"2024-06-14T07:49:40+00:00","og_image":[{"width":750,"height":1000,"url":"https:\/\/mikrotech.sk\/wp-content\/uploads\/2019\/11\/foto-01-59-07-13-09-19.jpg","type":"image\/jpeg"}],"author":"Luc@","twitter_card":"summary_large_image","twitter_misc":{"Autor":"Luc@","Predpokladan\u00fd \u010das \u010d\u00edtania":"6 min\u00fat"},"schema":{"@context":"https:\/\/schema.org","@graph":[{"@type":"Article","@id":"https:\/\/mikrotech.sk\/microtech-feierte-25-jahrestag-der-gruendung\/#article","isPartOf":{"@id":"https:\/\/mikrotech.sk\/microtech-feierte-25-jahrestag-der-gruendung\/"},"author":{"name":"Luc@","@id":"https:\/\/mikrotech.sk\/sk\/#\/schema\/person\/71e12453224fbf0285e65ce4595be462"},"headline":"MIKROTECH OSL\u00c1VIL 25. V\u00ddRO\u010cIE ZALO\u017dENIA","datePublished":"2019-11-08T06:00:54+00:00","dateModified":"2024-06-14T07:49:40+00:00","mainEntityOfPage":{"@id":"https:\/\/mikrotech.sk\/microtech-feierte-25-jahrestag-der-gruendung\/"},"wordCount":916,"commentCount":0,"image":{"@id":"https:\/\/mikrotech.sk\/microtech-feierte-25-jahrestag-der-gruendung\/#primaryimage"},"thumbnailUrl":"https:\/\/mikrotech.sk\/wp-content\/uploads\/2019\/11\/foto-01-59-07-13-09-19.jpg","inLanguage":"sk-SK","potentialAction":[{"@type":"CommentAction","name":"Comment","target":["https:\/\/mikrotech.sk\/microtech-feierte-25-jahrestag-der-gruendung\/#respond"]}]},{"@type":"WebPage","@id":"https:\/\/mikrotech.sk\/microtech-feierte-25-jahrestag-der-gruendung\/","url":"https:\/\/mikrotech.sk\/microtech-feierte-25-jahrestag-der-gruendung\/","name":"MIKROTECH OSL\u00c1VIL 25. V\u00ddRO\u010cIE ZALO\u017dENIA - Mikrotech s.r.o.","isPartOf":{"@id":"https:\/\/mikrotech.sk\/sk\/#website"},"primaryImageOfPage":{"@id":"https:\/\/mikrotech.sk\/microtech-feierte-25-jahrestag-der-gruendung\/#primaryimage"},"image":{"@id":"https:\/\/mikrotech.sk\/microtech-feierte-25-jahrestag-der-gruendung\/#primaryimage"},"thumbnailUrl":"https:\/\/mikrotech.sk\/wp-content\/uploads\/2019\/11\/foto-01-59-07-13-09-19.jpg","datePublished":"2019-11-08T06:00:54+00:00","dateModified":"2024-06-14T07:49:40+00:00","author":{"@id":"https:\/\/mikrotech.sk\/sk\/#\/schema\/person\/71e12453224fbf0285e65ce4595be462"},"breadcrumb":{"@id":"https:\/\/mikrotech.sk\/microtech-feierte-25-jahrestag-der-gruendung\/#breadcrumb"},"inLanguage":"sk-SK","potentialAction":[{"@type":"ReadAction","target":["https:\/\/mikrotech.sk\/microtech-feierte-25-jahrestag-der-gruendung\/"]}]},{"@type":"ImageObject","inLanguage":"sk-SK","@id":"https:\/\/mikrotech.sk\/microtech-feierte-25-jahrestag-der-gruendung\/#primaryimage","url":"https:\/\/mikrotech.sk\/wp-content\/uploads\/2019\/11\/foto-01-59-07-13-09-19.jpg","contentUrl":"https:\/\/mikrotech.sk\/wp-content\/uploads\/2019\/11\/foto-01-59-07-13-09-19.jpg","width":750,"height":1000},{"@type":"BreadcrumbList","@id":"https:\/\/mikrotech.sk\/microtech-feierte-25-jahrestag-der-gruendung\/#breadcrumb","itemListElement":[{"@type":"ListItem","position":1,"name":"Startseite","item":"https:\/\/mikrotech.sk\/sk\/"},{"@type":"ListItem","position":2,"name":"MIKROTECH OSL\u00c1VIL 25. V\u00ddRO\u010cIE ZALO\u017dENIA"}]},{"@type":"WebSite","@id":"https:\/\/mikrotech.sk\/sk\/#website","url":"https:\/\/mikrotech.sk\/sk\/","name":"Mikrotech s.r.o.","description":"s\u00fastru\u017een\u00e9 diely, fr\u00e9zovan\u00e9 diely, br\u00fasen\u00e9 diely","potentialAction":[{"@type":"SearchAction","target":{"@type":"EntryPoint","urlTemplate":"https:\/\/mikrotech.sk\/sk\/?s={search_term_string}"},"query-input":{"@type":"PropertyValueSpecification","valueRequired":true,"valueName":"search_term_string"}}],"inLanguage":"sk-SK"},{"@type":"Person","@id":"https:\/\/mikrotech.sk\/sk\/#\/schema\/person\/71e12453224fbf0285e65ce4595be462","name":"Luc@","url":"https:\/\/mikrotech.sk\/sk\/author\/luc\/"}]}},"_links":{"self":[{"href":"https:\/\/mikrotech.sk\/sk\/wp-json\/wp\/v2\/posts\/592","targetHints":{"allow":["GET"]}}],"collection":[{"href":"https:\/\/mikrotech.sk\/sk\/wp-json\/wp\/v2\/posts"}],"about":[{"href":"https:\/\/mikrotech.sk\/sk\/wp-json\/wp\/v2\/types\/post"}],"author":[{"embeddable":true,"href":"https:\/\/mikrotech.sk\/sk\/wp-json\/wp\/v2\/users\/2"}],"replies":[{"embeddable":true,"href":"https:\/\/mikrotech.sk\/sk\/wp-json\/wp\/v2\/comments?post=592"}],"version-history":[{"count":6,"href":"https:\/\/mikrotech.sk\/sk\/wp-json\/wp\/v2\/posts\/592\/revisions"}],"predecessor-version":[{"id":3151,"href":"https:\/\/mikrotech.sk\/sk\/wp-json\/wp\/v2\/posts\/592\/revisions\/3151"}],"wp:featuredmedia":[{"embeddable":true,"href":"https:\/\/mikrotech.sk\/sk\/wp-json\/wp\/v2\/media\/2898"}],"wp:attachment":[{"href":"https:\/\/mikrotech.sk\/sk\/wp-json\/wp\/v2\/media?parent=592"}],"wp:term":[{"taxonomy":"category","embeddable":true,"href":"https:\/\/mikrotech.sk\/sk\/wp-json\/wp\/v2\/categories?post=592"},{"taxonomy":"post_tag","embeddable":true,"href":"https:\/\/mikrotech.sk\/sk\/wp-json\/wp\/v2\/tags?post=592"}],"curies":[{"name":"wp","href":"https:\/\/api.w.org\/{rel}","templated":true}]}}