{"id":533,"date":"2021-02-17T11:21:37","date_gmt":"2021-02-17T11:21:37","guid":{"rendered":"http:\/\/neu.hacker-feinmechanik.de\/?p=533"},"modified":"2024-12-04T13:43:08","modified_gmt":"2024-12-04T12:43:08","slug":"umweltpakt-bayern","status":"publish","type":"post","link":"https:\/\/mikrotech.sk\/sk\/umweltpakt-bayern\/","title":{"rendered":"COVID 19 A PRECHOD Z 2020 NA 2021"},"content":{"rendered":"<div id='full_slider_1'  class='avia-fullwidth-slider main_color avia-shadow   avia-builder-el-0  el_before_av_two_third  avia-builder-el-first   container_wrap fullsize'  ><div  class='avia-slideshow av-lfti1bon-b530e5e411888b8b57d7f087005c5d81 avia-slideshow-no scaling av_slideshow_full avia-slide-slider av-slideshow-ui av-control-default av-slideshow-manual av-loop-once av-loop-manual-endless av-default-height-applied   avia-slideshow-1' data-slideshow-options=\"{&quot;animation&quot;:&quot;slide&quot;,&quot;autoplay&quot;:false,&quot;loop_autoplay&quot;:&quot;once&quot;,&quot;interval&quot;:5,&quot;loop_manual&quot;:&quot;manual-endless&quot;,&quot;autoplay_stopper&quot;:false,&quot;noNavigation&quot;:false,&quot;bg_slider&quot;:false,&quot;keep_padding&quot;:false,&quot;hoverpause&quot;:false,&quot;show_slide_delay&quot;:0}\"  itemprop=\"image\" itemscope=\"itemscope\" itemtype=\"https:\/\/schema.org\/ImageObject\" ><ul class='avia-slideshow-inner ' style='padding-bottom: 56.25%;'><li  class='avia-slideshow-slide av-lfti1bon-b530e5e411888b8b57d7f087005c5d81__0  av-single-slide slide-1 slide-odd'><div data-rel='slideshow-1' class='avia-slide-wrap '   ><img decoding=\"async\" fetchpriority=\"high\" class=\"wp-image-3421 avia-img-lazy-loading-not-3421\"  src=\"https:\/\/mikrotech.sk\/wp-content\/uploads\/2024\/06\/Luftaufnahme-Mikrotech-retuschiert.jpg\" width=\"1920\" height=\"1080\" title='Luftaufnahme Mikrotech retuschiert' alt=''  itemprop=\"thumbnailUrl\" srcset=\"https:\/\/mikrotech.sk\/wp-content\/uploads\/2024\/06\/Luftaufnahme-Mikrotech-retuschiert.jpg 1920w, https:\/\/mikrotech.sk\/wp-content\/uploads\/2024\/06\/Luftaufnahme-Mikrotech-retuschiert-300x169.jpg 300w, https:\/\/mikrotech.sk\/wp-content\/uploads\/2024\/06\/Luftaufnahme-Mikrotech-retuschiert-1030x579.jpg 1030w, https:\/\/mikrotech.sk\/wp-content\/uploads\/2024\/06\/Luftaufnahme-Mikrotech-retuschiert-768x432.jpg 768w, https:\/\/mikrotech.sk\/wp-content\/uploads\/2024\/06\/Luftaufnahme-Mikrotech-retuschiert-1536x864.jpg 1536w, https:\/\/mikrotech.sk\/wp-content\/uploads\/2024\/06\/Luftaufnahme-Mikrotech-retuschiert-1500x844.jpg 1500w, https:\/\/mikrotech.sk\/wp-content\/uploads\/2024\/06\/Luftaufnahme-Mikrotech-retuschiert-705x397.jpg 705w\" sizes=\"(max-width: 1920px) 100vw, 1920px\" \/><\/div><\/li><\/ul><\/div><\/div><div id='after_full_slider_1'  class='main_color av_default_container_wrap container_wrap fullsize'  ><div class='container av-section-cont-open' ><div class='template-page content  av-content-full alpha units'><div class='post-entry post-entry-type-page post-entry-533'><div class='entry-content-wrapper clearfix'>\n<div  class='flex_column av-5qfh-dab5bb878d9719ab1beb0a50c25e2ce4 av_two_third  avia-builder-el-1  el_after_av_slideshow_full  avia-builder-el-no-sibling  first flex_column_div  '     ><section  class='av_textblock_section av-lfti07bv-f9bdbca6ea6b228615caa034bd56ab96 '   itemscope=\"itemscope\" itemtype=\"https:\/\/schema.org\/BlogPosting\" itemprop=\"blogPost\" ><div class='avia_textblock'  itemprop=\"text\" ><h1>COVID 19 A PRECHOD Z 2020 NA 2021<\/h1>\n<\/div><\/section><br \/>\n\n<style type=\"text\/css\" data-created_by=\"avia_inline_auto\" id=\"style-css-av-6zfc5-bf571a9429c544d3e7becaf79867574d\">\n#top .hr.av-6zfc5-bf571a9429c544d3e7becaf79867574d{\nmargin-top:10px;\nmargin-bottom:30px;\n}\n.hr.av-6zfc5-bf571a9429c544d3e7becaf79867574d .hr-inner{\nwidth:80px;\nborder-color:#00519e;\n}\n<\/style>\n<div  class='hr av-6zfc5-bf571a9429c544d3e7becaf79867574d hr-custom  avia-builder-el-3  el_after_av_textblock  el_before_av_image  hr-left hr-icon-no'><span class='hr-inner inner-border-av-border-fat'><span class=\"hr-inner-style\"><\/span><\/span><\/div><br \/>\n\n<style type=\"text\/css\" data-created_by=\"avia_inline_auto\" id=\"style-css-av-lftl9itr-f7f028f883af7495d90dd1508170999c\">\n.avia-image-container.av-lftl9itr-f7f028f883af7495d90dd1508170999c img.avia_image{\nbox-shadow:none;\n}\n.avia-image-container.av-lftl9itr-f7f028f883af7495d90dd1508170999c .av-image-caption-overlay-center{\ncolor:#ffffff;\n}\n<\/style>\n<div  class='avia-image-container av-lftl9itr-f7f028f883af7495d90dd1508170999c av-styling- avia-align-center  avia-builder-el-4  el_after_av_hr  el_before_av_textblock '   itemprop=\"image\" itemscope=\"itemscope\" itemtype=\"https:\/\/schema.org\/ImageObject\" ><div class=\"avia-image-container-inner\"><div class=\"avia-image-overlay-wrap\"><img decoding=\"async\" fetchpriority=\"high\" class='wp-image-3728 avia-img-lazy-loading-not-3728 avia_image ' src=\"https:\/\/mikrotech.sk\/wp-content\/uploads\/2024\/04\/Mikrotech-RGB.jpg\" alt='' title='Mikrotech RGB'  height=\"137\" width=\"787\"  itemprop=\"thumbnailUrl\" srcset=\"https:\/\/mikrotech.sk\/wp-content\/uploads\/2024\/04\/Mikrotech-RGB.jpg 787w, https:\/\/mikrotech.sk\/wp-content\/uploads\/2024\/04\/Mikrotech-RGB-300x52.jpg 300w, https:\/\/mikrotech.sk\/wp-content\/uploads\/2024\/04\/Mikrotech-RGB-768x134.jpg 768w, https:\/\/mikrotech.sk\/wp-content\/uploads\/2024\/04\/Mikrotech-RGB-705x123.jpg 705w\" sizes=\"(max-width: 787px) 100vw, 787px\" \/><\/div><\/div><\/div><br \/>\n<section  class='av_textblock_section av-lftl9vam-fcb329145cafef5f8f0daf4a45e2abcf '   itemscope=\"itemscope\" itemtype=\"https:\/\/schema.org\/BlogPosting\" itemprop=\"blogPost\" ><div class='avia_textblock'  itemprop=\"text\" ><p>Posledn\u00fd kvart\u00e1l roku 2020 a\u00a0prv\u00fd kvart\u00e1l 2021 neboli v\u00f4bec jednoduch\u00e9. Pand\u00e9mia Covid 19 v\u00a0tomto \u010dase na Slovensku gradovala. Dopady sa nevyhli ani firme Mikrotech.<\/p>\n<p>Vzh\u013eadom na n\u00e1rast ochorenia ukon\u010dila firma pracovn\u00fd rok 2020\u00a0 ukon\u010dila u\u017e 19. decembra. Tak ako koniec roka, ani za\u010diatok roka nebol jednoduch\u00fd, priebe\u017ene boli st\u00e1le nieko\u013ek\u00ed pracovn\u00edci chor\u00ed, firmu na\u0161\u0165astie nepostihol v\u00e4\u010d\u0161\u00ed v\u00fdpadok preson\u00e1lu, tak\u017ee sme vyr\u00e1bali kontinu\u00e1lne, aj ke\u010f s\u00a0ur\u010dit\u00fdmi obmedzeniami a\u00a0miernym zdr\u017ean\u00edm. Dodr\u017eiavan\u00edm zaveden\u00fdch opartren\u00ed sa zabr\u00e1nilo komunitn\u00e9mu \u0161\u00edreniu ochorenia v\u00a0r\u00e1mci firmy.<\/p>\n<\/div><\/section><br \/>\n\n<style type=\"text\/css\" data-created_by=\"avia_inline_auto\" id=\"style-css-av-b8i51-a211257d770ac595fdab55f02f4af570\">\n#top .hr.hr-invisible.av-b8i51-a211257d770ac595fdab55f02f4af570{\nheight:15px;\n}\n<\/style>\n<div  class='hr av-b8i51-a211257d770ac595fdab55f02f4af570 hr-invisible  avia-builder-el-6  el_after_av_textblock  avia-builder-el-last '><span class='hr-inner '><span class=\"hr-inner-style\"><\/span><\/span><\/div><\/p><\/div>\n","protected":false},"excerpt":{"rendered":"<p>Posledn\u00fd kvart\u00e1l roku 2020 a\u00a0prv\u00fd kvart\u00e1l 2021 neboli v\u00f4bec jednoduch\u00e9. Pand\u00e9mia Covid 19 v\u00a0tomto \u010dase na Slovensku gradovala. Dopady sa nevyhli ani firme Mikrotech.<\/p>\n","protected":false},"author":2,"featured_media":2598,"comment_status":"open","ping_status":"closed","sticky":false,"template":"","format":"standard","meta":{"footnotes":""},"categories":[1],"tags":[],"class_list":["post-533","post","type-post","status-publish","format-standard","has-post-thumbnail","hentry","category-unkategorisiert"],"yoast_head":"<!-- This site is optimized with the Yoast SEO plugin v27.4 - https:\/\/yoast.com\/product\/yoast-seo-wordpress\/ -->\n<title>COVID 19 A PRECHOD Z 2020 NA 2021 - Mikrotech s.r.o.<\/title>\n<meta name=\"robots\" content=\"index, follow, max-snippet:-1, max-image-preview:large, max-video-preview:-1\" \/>\n<link rel=\"canonical\" href=\"https:\/\/mikrotech.sk\/covid-19-und-der-uebergang-von-2020-auf-2021\/\" \/>\n<meta property=\"og:locale\" content=\"sk_SK\" \/>\n<meta property=\"og:type\" content=\"article\" \/>\n<meta property=\"og:title\" content=\"COVID 19 A PRECHOD Z 2020 NA 2021 - Mikrotech s.r.o.\" \/>\n<meta property=\"og:description\" content=\"Posledn\u00fd kvart\u00e1l roku 2020 a\u00a0prv\u00fd kvart\u00e1l 2021 neboli v\u00f4bec jednoduch\u00e9. Pand\u00e9mia Covid 19 v\u00a0tomto \u010dase na Slovensku gradovala. Dopady sa nevyhli ani firme Mikrotech.\" \/>\n<meta property=\"og:url\" content=\"https:\/\/mikrotech.sk\/covid-19-und-der-uebergang-von-2020-auf-2021\/\" \/>\n<meta property=\"og:site_name\" content=\"Mikrotech s.r.o.\" \/>\n<meta property=\"article:published_time\" content=\"2021-02-17T11:21:37+00:00\" \/>\n<meta property=\"article:modified_time\" content=\"2024-12-04T12:43:08+00:00\" \/>\n<meta property=\"og:image\" content=\"https:\/\/mikrotech.sk\/wp-content\/uploads\/2024\/04\/Mikrotech-RGB.jpg\" \/>\n\t<meta property=\"og:image:width\" content=\"787\" \/>\n\t<meta property=\"og:image:height\" content=\"137\" \/>\n\t<meta property=\"og:image:type\" content=\"image\/jpeg\" \/>\n<meta name=\"author\" content=\"Luc@\" \/>\n<meta name=\"twitter:card\" content=\"summary_large_image\" \/>\n<meta name=\"twitter:label1\" content=\"Autor\" \/>\n\t<meta name=\"twitter:data1\" content=\"Luc@\" \/>\n\t<meta name=\"twitter:label2\" content=\"Predpokladan\u00fd \u010das \u010d\u00edtania\" \/>\n\t<meta name=\"twitter:data2\" content=\"1 min\u00fata\" \/>\n<script type=\"application\/ld+json\" class=\"yoast-schema-graph\">{\"@context\":\"https:\\\/\\\/schema.org\",\"@graph\":[{\"@type\":\"Article\",\"@id\":\"https:\\\/\\\/mikrotech.sk\\\/covid-19-und-der-uebergang-von-2020-auf-2021\\\/#article\",\"isPartOf\":{\"@id\":\"https:\\\/\\\/mikrotech.sk\\\/covid-19-und-der-uebergang-von-2020-auf-2021\\\/\"},\"author\":{\"name\":\"Luc@\",\"@id\":\"https:\\\/\\\/mikrotech.sk\\\/sk\\\/#\\\/schema\\\/person\\\/71e12453224fbf0285e65ce4595be462\"},\"headline\":\"COVID 19 A PRECHOD Z 2020 NA 2021\",\"datePublished\":\"2021-02-17T11:21:37+00:00\",\"dateModified\":\"2024-12-04T12:43:08+00:00\",\"mainEntityOfPage\":{\"@id\":\"https:\\\/\\\/mikrotech.sk\\\/covid-19-und-der-uebergang-von-2020-auf-2021\\\/\"},\"wordCount\":1104,\"commentCount\":0,\"image\":{\"@id\":\"https:\\\/\\\/mikrotech.sk\\\/covid-19-und-der-uebergang-von-2020-auf-2021\\\/#primaryimage\"},\"thumbnailUrl\":\"https:\\\/\\\/mikrotech.sk\\\/wp-content\\\/uploads\\\/2024\\\/04\\\/Mikrotech-RGB.jpg\",\"articleSection\":[\"Unkategorisiert\"],\"inLanguage\":\"sk-SK\",\"potentialAction\":[{\"@type\":\"CommentAction\",\"name\":\"Comment\",\"target\":[\"https:\\\/\\\/mikrotech.sk\\\/covid-19-und-der-uebergang-von-2020-auf-2021\\\/#respond\"]}]},{\"@type\":\"WebPage\",\"@id\":\"https:\\\/\\\/mikrotech.sk\\\/covid-19-und-der-uebergang-von-2020-auf-2021\\\/\",\"url\":\"https:\\\/\\\/mikrotech.sk\\\/covid-19-und-der-uebergang-von-2020-auf-2021\\\/\",\"name\":\"COVID 19 A PRECHOD Z 2020 NA 2021 - Mikrotech s.r.o.\",\"isPartOf\":{\"@id\":\"https:\\\/\\\/mikrotech.sk\\\/sk\\\/#website\"},\"primaryImageOfPage\":{\"@id\":\"https:\\\/\\\/mikrotech.sk\\\/covid-19-und-der-uebergang-von-2020-auf-2021\\\/#primaryimage\"},\"image\":{\"@id\":\"https:\\\/\\\/mikrotech.sk\\\/covid-19-und-der-uebergang-von-2020-auf-2021\\\/#primaryimage\"},\"thumbnailUrl\":\"https:\\\/\\\/mikrotech.sk\\\/wp-content\\\/uploads\\\/2024\\\/04\\\/Mikrotech-RGB.jpg\",\"datePublished\":\"2021-02-17T11:21:37+00:00\",\"dateModified\":\"2024-12-04T12:43:08+00:00\",\"author\":{\"@id\":\"https:\\\/\\\/mikrotech.sk\\\/sk\\\/#\\\/schema\\\/person\\\/71e12453224fbf0285e65ce4595be462\"},\"breadcrumb\":{\"@id\":\"https:\\\/\\\/mikrotech.sk\\\/covid-19-und-der-uebergang-von-2020-auf-2021\\\/#breadcrumb\"},\"inLanguage\":\"sk-SK\",\"potentialAction\":[{\"@type\":\"ReadAction\",\"target\":[\"https:\\\/\\\/mikrotech.sk\\\/covid-19-und-der-uebergang-von-2020-auf-2021\\\/\"]}]},{\"@type\":\"ImageObject\",\"inLanguage\":\"sk-SK\",\"@id\":\"https:\\\/\\\/mikrotech.sk\\\/covid-19-und-der-uebergang-von-2020-auf-2021\\\/#primaryimage\",\"url\":\"https:\\\/\\\/mikrotech.sk\\\/wp-content\\\/uploads\\\/2024\\\/04\\\/Mikrotech-RGB.jpg\",\"contentUrl\":\"https:\\\/\\\/mikrotech.sk\\\/wp-content\\\/uploads\\\/2024\\\/04\\\/Mikrotech-RGB.jpg\",\"width\":787,\"height\":137},{\"@type\":\"BreadcrumbList\",\"@id\":\"https:\\\/\\\/mikrotech.sk\\\/covid-19-und-der-uebergang-von-2020-auf-2021\\\/#breadcrumb\",\"itemListElement\":[{\"@type\":\"ListItem\",\"position\":1,\"name\":\"Startseite\",\"item\":\"https:\\\/\\\/mikrotech.sk\\\/sk\\\/\"},{\"@type\":\"ListItem\",\"position\":2,\"name\":\"COVID 19 A PRECHOD Z 2020 NA 2021\"}]},{\"@type\":\"WebSite\",\"@id\":\"https:\\\/\\\/mikrotech.sk\\\/sk\\\/#website\",\"url\":\"https:\\\/\\\/mikrotech.sk\\\/sk\\\/\",\"name\":\"Mikrotech s.r.o.\",\"description\":\"s\u00fastru\u017een\u00e9 diely, fr\u00e9zovan\u00e9 diely, br\u00fasen\u00e9 diely\",\"potentialAction\":[{\"@type\":\"SearchAction\",\"target\":{\"@type\":\"EntryPoint\",\"urlTemplate\":\"https:\\\/\\\/mikrotech.sk\\\/sk\\\/?s={search_term_string}\"},\"query-input\":{\"@type\":\"PropertyValueSpecification\",\"valueRequired\":true,\"valueName\":\"search_term_string\"}}],\"inLanguage\":\"sk-SK\"},{\"@type\":\"Person\",\"@id\":\"https:\\\/\\\/mikrotech.sk\\\/sk\\\/#\\\/schema\\\/person\\\/71e12453224fbf0285e65ce4595be462\",\"name\":\"Luc@\",\"url\":\"https:\\\/\\\/mikrotech.sk\\\/sk\\\/author\\\/luc\\\/\"}]}<\/script>\n<!-- \/ Yoast SEO plugin. -->","yoast_head_json":{"title":"COVID 19 A PRECHOD Z 2020 NA 2021 - Mikrotech s.r.o.","robots":{"index":"index","follow":"follow","max-snippet":"max-snippet:-1","max-image-preview":"max-image-preview:large","max-video-preview":"max-video-preview:-1"},"canonical":"https:\/\/mikrotech.sk\/covid-19-und-der-uebergang-von-2020-auf-2021\/","og_locale":"sk_SK","og_type":"article","og_title":"COVID 19 A PRECHOD Z 2020 NA 2021 - Mikrotech s.r.o.","og_description":"Posledn\u00fd kvart\u00e1l roku 2020 a\u00a0prv\u00fd kvart\u00e1l 2021 neboli v\u00f4bec jednoduch\u00e9. Pand\u00e9mia Covid 19 v\u00a0tomto \u010dase na Slovensku gradovala. Dopady sa nevyhli ani firme Mikrotech.","og_url":"https:\/\/mikrotech.sk\/covid-19-und-der-uebergang-von-2020-auf-2021\/","og_site_name":"Mikrotech s.r.o.","article_published_time":"2021-02-17T11:21:37+00:00","article_modified_time":"2024-12-04T12:43:08+00:00","og_image":[{"width":787,"height":137,"url":"https:\/\/mikrotech.sk\/wp-content\/uploads\/2024\/04\/Mikrotech-RGB.jpg","type":"image\/jpeg"}],"author":"Luc@","twitter_card":"summary_large_image","twitter_misc":{"Autor":"Luc@","Predpokladan\u00fd \u010das \u010d\u00edtania":"1 min\u00fata"},"schema":{"@context":"https:\/\/schema.org","@graph":[{"@type":"Article","@id":"https:\/\/mikrotech.sk\/covid-19-und-der-uebergang-von-2020-auf-2021\/#article","isPartOf":{"@id":"https:\/\/mikrotech.sk\/covid-19-und-der-uebergang-von-2020-auf-2021\/"},"author":{"name":"Luc@","@id":"https:\/\/mikrotech.sk\/sk\/#\/schema\/person\/71e12453224fbf0285e65ce4595be462"},"headline":"COVID 19 A PRECHOD Z 2020 NA 2021","datePublished":"2021-02-17T11:21:37+00:00","dateModified":"2024-12-04T12:43:08+00:00","mainEntityOfPage":{"@id":"https:\/\/mikrotech.sk\/covid-19-und-der-uebergang-von-2020-auf-2021\/"},"wordCount":1104,"commentCount":0,"image":{"@id":"https:\/\/mikrotech.sk\/covid-19-und-der-uebergang-von-2020-auf-2021\/#primaryimage"},"thumbnailUrl":"https:\/\/mikrotech.sk\/wp-content\/uploads\/2024\/04\/Mikrotech-RGB.jpg","articleSection":["Unkategorisiert"],"inLanguage":"sk-SK","potentialAction":[{"@type":"CommentAction","name":"Comment","target":["https:\/\/mikrotech.sk\/covid-19-und-der-uebergang-von-2020-auf-2021\/#respond"]}]},{"@type":"WebPage","@id":"https:\/\/mikrotech.sk\/covid-19-und-der-uebergang-von-2020-auf-2021\/","url":"https:\/\/mikrotech.sk\/covid-19-und-der-uebergang-von-2020-auf-2021\/","name":"COVID 19 A PRECHOD Z 2020 NA 2021 - Mikrotech s.r.o.","isPartOf":{"@id":"https:\/\/mikrotech.sk\/sk\/#website"},"primaryImageOfPage":{"@id":"https:\/\/mikrotech.sk\/covid-19-und-der-uebergang-von-2020-auf-2021\/#primaryimage"},"image":{"@id":"https:\/\/mikrotech.sk\/covid-19-und-der-uebergang-von-2020-auf-2021\/#primaryimage"},"thumbnailUrl":"https:\/\/mikrotech.sk\/wp-content\/uploads\/2024\/04\/Mikrotech-RGB.jpg","datePublished":"2021-02-17T11:21:37+00:00","dateModified":"2024-12-04T12:43:08+00:00","author":{"@id":"https:\/\/mikrotech.sk\/sk\/#\/schema\/person\/71e12453224fbf0285e65ce4595be462"},"breadcrumb":{"@id":"https:\/\/mikrotech.sk\/covid-19-und-der-uebergang-von-2020-auf-2021\/#breadcrumb"},"inLanguage":"sk-SK","potentialAction":[{"@type":"ReadAction","target":["https:\/\/mikrotech.sk\/covid-19-und-der-uebergang-von-2020-auf-2021\/"]}]},{"@type":"ImageObject","inLanguage":"sk-SK","@id":"https:\/\/mikrotech.sk\/covid-19-und-der-uebergang-von-2020-auf-2021\/#primaryimage","url":"https:\/\/mikrotech.sk\/wp-content\/uploads\/2024\/04\/Mikrotech-RGB.jpg","contentUrl":"https:\/\/mikrotech.sk\/wp-content\/uploads\/2024\/04\/Mikrotech-RGB.jpg","width":787,"height":137},{"@type":"BreadcrumbList","@id":"https:\/\/mikrotech.sk\/covid-19-und-der-uebergang-von-2020-auf-2021\/#breadcrumb","itemListElement":[{"@type":"ListItem","position":1,"name":"Startseite","item":"https:\/\/mikrotech.sk\/sk\/"},{"@type":"ListItem","position":2,"name":"COVID 19 A PRECHOD Z 2020 NA 2021"}]},{"@type":"WebSite","@id":"https:\/\/mikrotech.sk\/sk\/#website","url":"https:\/\/mikrotech.sk\/sk\/","name":"Mikrotech s.r.o.","description":"s\u00fastru\u017een\u00e9 diely, fr\u00e9zovan\u00e9 diely, br\u00fasen\u00e9 diely","potentialAction":[{"@type":"SearchAction","target":{"@type":"EntryPoint","urlTemplate":"https:\/\/mikrotech.sk\/sk\/?s={search_term_string}"},"query-input":{"@type":"PropertyValueSpecification","valueRequired":true,"valueName":"search_term_string"}}],"inLanguage":"sk-SK"},{"@type":"Person","@id":"https:\/\/mikrotech.sk\/sk\/#\/schema\/person\/71e12453224fbf0285e65ce4595be462","name":"Luc@","url":"https:\/\/mikrotech.sk\/sk\/author\/luc\/"}]}},"_links":{"self":[{"href":"https:\/\/mikrotech.sk\/sk\/wp-json\/wp\/v2\/posts\/533","targetHints":{"allow":["GET"]}}],"collection":[{"href":"https:\/\/mikrotech.sk\/sk\/wp-json\/wp\/v2\/posts"}],"about":[{"href":"https:\/\/mikrotech.sk\/sk\/wp-json\/wp\/v2\/types\/post"}],"author":[{"embeddable":true,"href":"https:\/\/mikrotech.sk\/sk\/wp-json\/wp\/v2\/users\/2"}],"replies":[{"embeddable":true,"href":"https:\/\/mikrotech.sk\/sk\/wp-json\/wp\/v2\/comments?post=533"}],"version-history":[{"count":12,"href":"https:\/\/mikrotech.sk\/sk\/wp-json\/wp\/v2\/posts\/533\/revisions"}],"predecessor-version":[{"id":4049,"href":"https:\/\/mikrotech.sk\/sk\/wp-json\/wp\/v2\/posts\/533\/revisions\/4049"}],"wp:featuredmedia":[{"embeddable":true,"href":"https:\/\/mikrotech.sk\/sk\/wp-json\/wp\/v2\/media\/2598"}],"wp:attachment":[{"href":"https:\/\/mikrotech.sk\/sk\/wp-json\/wp\/v2\/media?parent=533"}],"wp:term":[{"taxonomy":"category","embeddable":true,"href":"https:\/\/mikrotech.sk\/sk\/wp-json\/wp\/v2\/categories?post=533"},{"taxonomy":"post_tag","embeddable":true,"href":"https:\/\/mikrotech.sk\/sk\/wp-json\/wp\/v2\/tags?post=533"}],"curies":[{"name":"wp","href":"https:\/\/api.w.org\/{rel}","templated":true}]}}