{"id":498,"date":"2022-03-28T07:53:10","date_gmt":"2022-03-28T07:53:10","guid":{"rendered":"http:\/\/neu.hacker-feinmechanik.de\/?p=498"},"modified":"2024-06-14T08:35:11","modified_gmt":"2024-06-14T07:35:11","slug":"besuch-der-mittelschule-metten","status":"publish","type":"post","link":"https:\/\/mikrotech.sk\/sk\/besuch-der-mittelschule-metten\/","title":{"rendered":"DO PR\u00c1CE NA BICYKLI"},"content":{"rendered":"<div id='full_slider_1'  class='avia-fullwidth-slider main_color avia-shadow   avia-builder-el-0  el_before_av_two_third  avia-builder-el-first   container_wrap fullsize'  ><div  class='avia-slideshow av-lfqj6q9k-261a0077621f6cf38eacdcb789522904 avia-slideshow-no scaling av_slideshow_full avia-slide-slider av-slideshow-ui av-control-default av-slideshow-manual av-loop-once av-loop-manual-endless av-default-height-applied   avia-slideshow-1' data-slideshow-options=\"{&quot;animation&quot;:&quot;slide&quot;,&quot;autoplay&quot;:false,&quot;loop_autoplay&quot;:&quot;once&quot;,&quot;interval&quot;:5,&quot;loop_manual&quot;:&quot;manual-endless&quot;,&quot;autoplay_stopper&quot;:false,&quot;noNavigation&quot;:false,&quot;bg_slider&quot;:false,&quot;keep_padding&quot;:false,&quot;hoverpause&quot;:false,&quot;show_slide_delay&quot;:0}\"  itemprop=\"image\" itemscope=\"itemscope\" itemtype=\"https:\/\/schema.org\/ImageObject\" ><ul class='avia-slideshow-inner ' style='padding-bottom: 56.25%;'><li  class='avia-slideshow-slide av-lfqj6q9k-261a0077621f6cf38eacdcb789522904__0  av-single-slide slide-1 slide-odd'><div data-rel='slideshow-1' class='avia-slide-wrap '   ><img decoding=\"async\" fetchpriority=\"high\" class=\"wp-image-3421 avia-img-lazy-loading-not-3421\"  src=\"https:\/\/mikrotech.sk\/wp-content\/uploads\/2024\/06\/Luftaufnahme-Mikrotech-retuschiert.jpg\" width=\"1920\" height=\"1080\" title='Luftaufnahme Mikrotech retuschiert' alt=''  itemprop=\"thumbnailUrl\" srcset=\"https:\/\/mikrotech.sk\/wp-content\/uploads\/2024\/06\/Luftaufnahme-Mikrotech-retuschiert.jpg 1920w, https:\/\/mikrotech.sk\/wp-content\/uploads\/2024\/06\/Luftaufnahme-Mikrotech-retuschiert-300x169.jpg 300w, https:\/\/mikrotech.sk\/wp-content\/uploads\/2024\/06\/Luftaufnahme-Mikrotech-retuschiert-1030x579.jpg 1030w, https:\/\/mikrotech.sk\/wp-content\/uploads\/2024\/06\/Luftaufnahme-Mikrotech-retuschiert-768x432.jpg 768w, https:\/\/mikrotech.sk\/wp-content\/uploads\/2024\/06\/Luftaufnahme-Mikrotech-retuschiert-1536x864.jpg 1536w, https:\/\/mikrotech.sk\/wp-content\/uploads\/2024\/06\/Luftaufnahme-Mikrotech-retuschiert-1500x844.jpg 1500w, https:\/\/mikrotech.sk\/wp-content\/uploads\/2024\/06\/Luftaufnahme-Mikrotech-retuschiert-705x397.jpg 705w\" sizes=\"(max-width: 1920px) 100vw, 1920px\" \/><\/div><\/li><\/ul><\/div><\/div><div id='after_full_slider_1'  class='main_color av_default_container_wrap container_wrap fullsize'  ><div class='container av-section-cont-open' ><div class='template-page content  av-content-full alpha units'><div class='post-entry post-entry-type-page post-entry-498'><div class='entry-content-wrapper clearfix'>\n<div  class='flex_column av-deo5m-4816fd1fab0e4129c0c20680a0ee6003 av_two_third  avia-builder-el-1  el_after_av_slideshow_full  avia-builder-el-no-sibling  first flex_column_div  '     ><section  class='av_textblock_section av-lfqj69wn-984ac490cbdf9daa09a9b795bfec3614 '   itemscope=\"itemscope\" itemtype=\"https:\/\/schema.org\/BlogPosting\" itemprop=\"blogPost\" ><div class='avia_textblock'  itemprop=\"text\" ><h1>DO PR\u00c1CE NA BICYKLI<\/h1>\n<\/div><\/section><br \/>\n\n<style type=\"text\/css\" data-created_by=\"avia_inline_auto\" id=\"style-css-av-b22mq-7f4fc3ede99b72ce39249a107ac83a7f\">\n#top .hr.av-b22mq-7f4fc3ede99b72ce39249a107ac83a7f{\nmargin-top:10px;\nmargin-bottom:30px;\n}\n.hr.av-b22mq-7f4fc3ede99b72ce39249a107ac83a7f .hr-inner{\nwidth:80px;\nborder-color:#00519e;\n}\n<\/style>\n<div  class='hr av-b22mq-7f4fc3ede99b72ce39249a107ac83a7f hr-custom  avia-builder-el-3  el_after_av_textblock  el_before_av_image  hr-left hr-icon-no'><span class='hr-inner inner-border-av-border-fat'><span class=\"hr-inner-style\"><\/span><\/span><\/div><br \/>\n\n<style type=\"text\/css\" data-created_by=\"avia_inline_auto\" id=\"style-css-av-lfqj6zky-b0156af57dd45fa84dd5883e90a2b803\">\n.avia-image-container.av-lfqj6zky-b0156af57dd45fa84dd5883e90a2b803 img.avia_image{\nbox-shadow:none;\n}\n.avia-image-container.av-lfqj6zky-b0156af57dd45fa84dd5883e90a2b803 .av-image-caption-overlay-center{\ncolor:#ffffff;\n}\n<\/style>\n<div  class='avia-image-container av-lfqj6zky-b0156af57dd45fa84dd5883e90a2b803 av-styling- avia-align-center  avia-builder-el-4  el_after_av_hr  el_before_av_textblock '   itemprop=\"image\" itemscope=\"itemscope\" itemtype=\"https:\/\/schema.org\/ImageObject\" ><div class=\"avia-image-container-inner\"><div class=\"avia-image-overlay-wrap\"><img decoding=\"async\" fetchpriority=\"high\" class='wp-image-2924 avia-img-lazy-loading-not-2924 avia_image ' src=\"https:\/\/mikrotech.sk\/wp-content\/uploads\/2022\/03\/fb-img-1659342438127-12-54-13-1-08-22.jpg\" alt='' title='fb-img-1659342438127-12-54-13-1-08-22'  height=\"750\" width=\"750\"  itemprop=\"thumbnailUrl\" srcset=\"https:\/\/mikrotech.sk\/wp-content\/uploads\/2022\/03\/fb-img-1659342438127-12-54-13-1-08-22.jpg 750w, https:\/\/mikrotech.sk\/wp-content\/uploads\/2022\/03\/fb-img-1659342438127-12-54-13-1-08-22-300x300.jpg 300w, https:\/\/mikrotech.sk\/wp-content\/uploads\/2022\/03\/fb-img-1659342438127-12-54-13-1-08-22-80x80.jpg 80w, https:\/\/mikrotech.sk\/wp-content\/uploads\/2022\/03\/fb-img-1659342438127-12-54-13-1-08-22-36x36.jpg 36w, https:\/\/mikrotech.sk\/wp-content\/uploads\/2022\/03\/fb-img-1659342438127-12-54-13-1-08-22-180x180.jpg 180w, https:\/\/mikrotech.sk\/wp-content\/uploads\/2022\/03\/fb-img-1659342438127-12-54-13-1-08-22-705x705.jpg 705w\" sizes=\"(max-width: 750px) 100vw, 750px\" \/><\/div><\/div><\/div><br \/>\n<section  class='av_textblock_section av-lfqj7yuy-e677d4da35aa9c0d2d9c5fd99c28d4d2 '   itemscope=\"itemscope\" itemtype=\"https:\/\/schema.org\/BlogPosting\" itemprop=\"blogPost\" ><div class='avia_textblock'  itemprop=\"text\" ><p>T\u00e9ma ochrany \u017eivotn\u00e9ho prostredia a vyu\u017e\u00edvania bicyklov na dopravu do zamestnania oslovuje viac a viac \u013eud\u00ed. Aj mnoh\u00ed zamestnanci Mikrotechu vyu\u017e\u00edvaj\u00fa tento dopravn\u00fd prostriedok, hlavne teraz, v letnom obdob\u00ed. Nov\u00fd pr\u00edstre\u0161ok na bicykle vyrie\u0161il ot\u00e1zku bezpe\u010dn\u00e9ho odkladania bicyklov.<\/p>\n<\/div><\/section><\/p><\/div>\n","protected":false},"excerpt":{"rendered":"<p>17. okt\u00f3bra 2022 sa vo firme konal n\u00e1cvik po\u017eiarneho poplachu. Zamestnanci si osvie\u017eili teoretick\u00e9 vedomosti aj vysk\u00fa\u0161ali pou\u017eitie hasiaceho pr\u00edstoja a uhasenie oh\u0148a.<\/p>\n","protected":false},"author":2,"featured_media":2924,"comment_status":"open","ping_status":"closed","sticky":false,"template":"","format":"standard","meta":{"footnotes":""},"categories":[],"tags":[],"class_list":["post-498","post","type-post","status-publish","format-standard","has-post-thumbnail","hentry"],"yoast_head":"<!-- This site is optimized with the Yoast SEO plugin v27.4 - https:\/\/yoast.com\/product\/yoast-seo-wordpress\/ -->\n<title>DO PR\u00c1CE NA BICYKLI - Mikrotech s.r.o.<\/title>\n<meta name=\"robots\" content=\"index, follow, max-snippet:-1, max-image-preview:large, max-video-preview:-1\" \/>\n<link rel=\"canonical\" href=\"https:\/\/mikrotech.sk\/mit-dem-fahrrad-zur-arbeit\/\" \/>\n<meta property=\"og:locale\" content=\"sk_SK\" \/>\n<meta property=\"og:type\" content=\"article\" \/>\n<meta property=\"og:title\" content=\"DO PR\u00c1CE NA BICYKLI - Mikrotech s.r.o.\" \/>\n<meta property=\"og:description\" content=\"17. okt\u00f3bra 2022 sa vo firme konal n\u00e1cvik po\u017eiarneho poplachu. Zamestnanci si osvie\u017eili teoretick\u00e9 vedomosti aj vysk\u00fa\u0161ali pou\u017eitie hasiaceho pr\u00edstoja a uhasenie oh\u0148a.\" \/>\n<meta property=\"og:url\" content=\"https:\/\/mikrotech.sk\/mit-dem-fahrrad-zur-arbeit\/\" \/>\n<meta property=\"og:site_name\" content=\"Mikrotech s.r.o.\" \/>\n<meta property=\"article:published_time\" content=\"2022-03-28T07:53:10+00:00\" \/>\n<meta property=\"article:modified_time\" content=\"2024-06-14T07:35:11+00:00\" \/>\n<meta property=\"og:image\" content=\"https:\/\/mikrotech.sk\/wp-content\/uploads\/2022\/03\/fb-img-1659342438127-12-54-13-1-08-22.jpg\" \/>\n\t<meta property=\"og:image:width\" content=\"750\" \/>\n\t<meta property=\"og:image:height\" content=\"750\" \/>\n\t<meta property=\"og:image:type\" content=\"image\/jpeg\" \/>\n<meta name=\"author\" content=\"Luc@\" \/>\n<meta name=\"twitter:card\" content=\"summary_large_image\" \/>\n<meta name=\"twitter:label1\" content=\"Autor\" \/>\n\t<meta name=\"twitter:data1\" content=\"Luc@\" \/>\n\t<meta name=\"twitter:label2\" content=\"Predpokladan\u00fd \u010das \u010d\u00edtania\" \/>\n\t<meta name=\"twitter:data2\" content=\"7 min\u00fat\" \/>\n<script type=\"application\/ld+json\" class=\"yoast-schema-graph\">{\"@context\":\"https:\\\/\\\/schema.org\",\"@graph\":[{\"@type\":\"Article\",\"@id\":\"https:\\\/\\\/mikrotech.sk\\\/mit-dem-fahrrad-zur-arbeit\\\/#article\",\"isPartOf\":{\"@id\":\"https:\\\/\\\/mikrotech.sk\\\/mit-dem-fahrrad-zur-arbeit\\\/\"},\"author\":{\"name\":\"Luc@\",\"@id\":\"https:\\\/\\\/mikrotech.sk\\\/sk\\\/#\\\/schema\\\/person\\\/71e12453224fbf0285e65ce4595be462\"},\"headline\":\"DO PR\u00c1CE NA BICYKLI\",\"datePublished\":\"2022-03-28T07:53:10+00:00\",\"dateModified\":\"2024-06-14T07:35:11+00:00\",\"mainEntityOfPage\":{\"@id\":\"https:\\\/\\\/mikrotech.sk\\\/mit-dem-fahrrad-zur-arbeit\\\/\"},\"wordCount\":1002,\"commentCount\":0,\"image\":{\"@id\":\"https:\\\/\\\/mikrotech.sk\\\/mit-dem-fahrrad-zur-arbeit\\\/#primaryimage\"},\"thumbnailUrl\":\"https:\\\/\\\/mikrotech.sk\\\/wp-content\\\/uploads\\\/2022\\\/03\\\/fb-img-1659342438127-12-54-13-1-08-22.jpg\",\"inLanguage\":\"sk-SK\",\"potentialAction\":[{\"@type\":\"CommentAction\",\"name\":\"Comment\",\"target\":[\"https:\\\/\\\/mikrotech.sk\\\/mit-dem-fahrrad-zur-arbeit\\\/#respond\"]}]},{\"@type\":\"WebPage\",\"@id\":\"https:\\\/\\\/mikrotech.sk\\\/mit-dem-fahrrad-zur-arbeit\\\/\",\"url\":\"https:\\\/\\\/mikrotech.sk\\\/mit-dem-fahrrad-zur-arbeit\\\/\",\"name\":\"DO PR\u00c1CE NA BICYKLI - Mikrotech s.r.o.\",\"isPartOf\":{\"@id\":\"https:\\\/\\\/mikrotech.sk\\\/sk\\\/#website\"},\"primaryImageOfPage\":{\"@id\":\"https:\\\/\\\/mikrotech.sk\\\/mit-dem-fahrrad-zur-arbeit\\\/#primaryimage\"},\"image\":{\"@id\":\"https:\\\/\\\/mikrotech.sk\\\/mit-dem-fahrrad-zur-arbeit\\\/#primaryimage\"},\"thumbnailUrl\":\"https:\\\/\\\/mikrotech.sk\\\/wp-content\\\/uploads\\\/2022\\\/03\\\/fb-img-1659342438127-12-54-13-1-08-22.jpg\",\"datePublished\":\"2022-03-28T07:53:10+00:00\",\"dateModified\":\"2024-06-14T07:35:11+00:00\",\"author\":{\"@id\":\"https:\\\/\\\/mikrotech.sk\\\/sk\\\/#\\\/schema\\\/person\\\/71e12453224fbf0285e65ce4595be462\"},\"breadcrumb\":{\"@id\":\"https:\\\/\\\/mikrotech.sk\\\/mit-dem-fahrrad-zur-arbeit\\\/#breadcrumb\"},\"inLanguage\":\"sk-SK\",\"potentialAction\":[{\"@type\":\"ReadAction\",\"target\":[\"https:\\\/\\\/mikrotech.sk\\\/mit-dem-fahrrad-zur-arbeit\\\/\"]}]},{\"@type\":\"ImageObject\",\"inLanguage\":\"sk-SK\",\"@id\":\"https:\\\/\\\/mikrotech.sk\\\/mit-dem-fahrrad-zur-arbeit\\\/#primaryimage\",\"url\":\"https:\\\/\\\/mikrotech.sk\\\/wp-content\\\/uploads\\\/2022\\\/03\\\/fb-img-1659342438127-12-54-13-1-08-22.jpg\",\"contentUrl\":\"https:\\\/\\\/mikrotech.sk\\\/wp-content\\\/uploads\\\/2022\\\/03\\\/fb-img-1659342438127-12-54-13-1-08-22.jpg\",\"width\":750,\"height\":750},{\"@type\":\"BreadcrumbList\",\"@id\":\"https:\\\/\\\/mikrotech.sk\\\/mit-dem-fahrrad-zur-arbeit\\\/#breadcrumb\",\"itemListElement\":[{\"@type\":\"ListItem\",\"position\":1,\"name\":\"Startseite\",\"item\":\"https:\\\/\\\/mikrotech.sk\\\/sk\\\/\"},{\"@type\":\"ListItem\",\"position\":2,\"name\":\"DO PR\u00c1CE NA BICYKLI\"}]},{\"@type\":\"WebSite\",\"@id\":\"https:\\\/\\\/mikrotech.sk\\\/sk\\\/#website\",\"url\":\"https:\\\/\\\/mikrotech.sk\\\/sk\\\/\",\"name\":\"Mikrotech s.r.o.\",\"description\":\"s\u00fastru\u017een\u00e9 diely, fr\u00e9zovan\u00e9 diely, br\u00fasen\u00e9 diely\",\"potentialAction\":[{\"@type\":\"SearchAction\",\"target\":{\"@type\":\"EntryPoint\",\"urlTemplate\":\"https:\\\/\\\/mikrotech.sk\\\/sk\\\/?s={search_term_string}\"},\"query-input\":{\"@type\":\"PropertyValueSpecification\",\"valueRequired\":true,\"valueName\":\"search_term_string\"}}],\"inLanguage\":\"sk-SK\"},{\"@type\":\"Person\",\"@id\":\"https:\\\/\\\/mikrotech.sk\\\/sk\\\/#\\\/schema\\\/person\\\/71e12453224fbf0285e65ce4595be462\",\"name\":\"Luc@\",\"url\":\"https:\\\/\\\/mikrotech.sk\\\/sk\\\/author\\\/luc\\\/\"}]}<\/script>\n<!-- \/ Yoast SEO plugin. -->","yoast_head_json":{"title":"DO PR\u00c1CE NA BICYKLI - Mikrotech s.r.o.","robots":{"index":"index","follow":"follow","max-snippet":"max-snippet:-1","max-image-preview":"max-image-preview:large","max-video-preview":"max-video-preview:-1"},"canonical":"https:\/\/mikrotech.sk\/mit-dem-fahrrad-zur-arbeit\/","og_locale":"sk_SK","og_type":"article","og_title":"DO PR\u00c1CE NA BICYKLI - Mikrotech s.r.o.","og_description":"17. okt\u00f3bra 2022 sa vo firme konal n\u00e1cvik po\u017eiarneho poplachu. Zamestnanci si osvie\u017eili teoretick\u00e9 vedomosti aj vysk\u00fa\u0161ali pou\u017eitie hasiaceho pr\u00edstoja a uhasenie oh\u0148a.","og_url":"https:\/\/mikrotech.sk\/mit-dem-fahrrad-zur-arbeit\/","og_site_name":"Mikrotech s.r.o.","article_published_time":"2022-03-28T07:53:10+00:00","article_modified_time":"2024-06-14T07:35:11+00:00","og_image":[{"width":750,"height":750,"url":"https:\/\/mikrotech.sk\/wp-content\/uploads\/2022\/03\/fb-img-1659342438127-12-54-13-1-08-22.jpg","type":"image\/jpeg"}],"author":"Luc@","twitter_card":"summary_large_image","twitter_misc":{"Autor":"Luc@","Predpokladan\u00fd \u010das \u010d\u00edtania":"7 min\u00fat"},"schema":{"@context":"https:\/\/schema.org","@graph":[{"@type":"Article","@id":"https:\/\/mikrotech.sk\/mit-dem-fahrrad-zur-arbeit\/#article","isPartOf":{"@id":"https:\/\/mikrotech.sk\/mit-dem-fahrrad-zur-arbeit\/"},"author":{"name":"Luc@","@id":"https:\/\/mikrotech.sk\/sk\/#\/schema\/person\/71e12453224fbf0285e65ce4595be462"},"headline":"DO PR\u00c1CE NA BICYKLI","datePublished":"2022-03-28T07:53:10+00:00","dateModified":"2024-06-14T07:35:11+00:00","mainEntityOfPage":{"@id":"https:\/\/mikrotech.sk\/mit-dem-fahrrad-zur-arbeit\/"},"wordCount":1002,"commentCount":0,"image":{"@id":"https:\/\/mikrotech.sk\/mit-dem-fahrrad-zur-arbeit\/#primaryimage"},"thumbnailUrl":"https:\/\/mikrotech.sk\/wp-content\/uploads\/2022\/03\/fb-img-1659342438127-12-54-13-1-08-22.jpg","inLanguage":"sk-SK","potentialAction":[{"@type":"CommentAction","name":"Comment","target":["https:\/\/mikrotech.sk\/mit-dem-fahrrad-zur-arbeit\/#respond"]}]},{"@type":"WebPage","@id":"https:\/\/mikrotech.sk\/mit-dem-fahrrad-zur-arbeit\/","url":"https:\/\/mikrotech.sk\/mit-dem-fahrrad-zur-arbeit\/","name":"DO PR\u00c1CE NA BICYKLI - Mikrotech s.r.o.","isPartOf":{"@id":"https:\/\/mikrotech.sk\/sk\/#website"},"primaryImageOfPage":{"@id":"https:\/\/mikrotech.sk\/mit-dem-fahrrad-zur-arbeit\/#primaryimage"},"image":{"@id":"https:\/\/mikrotech.sk\/mit-dem-fahrrad-zur-arbeit\/#primaryimage"},"thumbnailUrl":"https:\/\/mikrotech.sk\/wp-content\/uploads\/2022\/03\/fb-img-1659342438127-12-54-13-1-08-22.jpg","datePublished":"2022-03-28T07:53:10+00:00","dateModified":"2024-06-14T07:35:11+00:00","author":{"@id":"https:\/\/mikrotech.sk\/sk\/#\/schema\/person\/71e12453224fbf0285e65ce4595be462"},"breadcrumb":{"@id":"https:\/\/mikrotech.sk\/mit-dem-fahrrad-zur-arbeit\/#breadcrumb"},"inLanguage":"sk-SK","potentialAction":[{"@type":"ReadAction","target":["https:\/\/mikrotech.sk\/mit-dem-fahrrad-zur-arbeit\/"]}]},{"@type":"ImageObject","inLanguage":"sk-SK","@id":"https:\/\/mikrotech.sk\/mit-dem-fahrrad-zur-arbeit\/#primaryimage","url":"https:\/\/mikrotech.sk\/wp-content\/uploads\/2022\/03\/fb-img-1659342438127-12-54-13-1-08-22.jpg","contentUrl":"https:\/\/mikrotech.sk\/wp-content\/uploads\/2022\/03\/fb-img-1659342438127-12-54-13-1-08-22.jpg","width":750,"height":750},{"@type":"BreadcrumbList","@id":"https:\/\/mikrotech.sk\/mit-dem-fahrrad-zur-arbeit\/#breadcrumb","itemListElement":[{"@type":"ListItem","position":1,"name":"Startseite","item":"https:\/\/mikrotech.sk\/sk\/"},{"@type":"ListItem","position":2,"name":"DO PR\u00c1CE NA BICYKLI"}]},{"@type":"WebSite","@id":"https:\/\/mikrotech.sk\/sk\/#website","url":"https:\/\/mikrotech.sk\/sk\/","name":"Mikrotech s.r.o.","description":"s\u00fastru\u017een\u00e9 diely, fr\u00e9zovan\u00e9 diely, br\u00fasen\u00e9 diely","potentialAction":[{"@type":"SearchAction","target":{"@type":"EntryPoint","urlTemplate":"https:\/\/mikrotech.sk\/sk\/?s={search_term_string}"},"query-input":{"@type":"PropertyValueSpecification","valueRequired":true,"valueName":"search_term_string"}}],"inLanguage":"sk-SK"},{"@type":"Person","@id":"https:\/\/mikrotech.sk\/sk\/#\/schema\/person\/71e12453224fbf0285e65ce4595be462","name":"Luc@","url":"https:\/\/mikrotech.sk\/sk\/author\/luc\/"}]}},"_links":{"self":[{"href":"https:\/\/mikrotech.sk\/sk\/wp-json\/wp\/v2\/posts\/498","targetHints":{"allow":["GET"]}}],"collection":[{"href":"https:\/\/mikrotech.sk\/sk\/wp-json\/wp\/v2\/posts"}],"about":[{"href":"https:\/\/mikrotech.sk\/sk\/wp-json\/wp\/v2\/types\/post"}],"author":[{"embeddable":true,"href":"https:\/\/mikrotech.sk\/sk\/wp-json\/wp\/v2\/users\/2"}],"replies":[{"embeddable":true,"href":"https:\/\/mikrotech.sk\/sk\/wp-json\/wp\/v2\/comments?post=498"}],"version-history":[{"count":7,"href":"https:\/\/mikrotech.sk\/sk\/wp-json\/wp\/v2\/posts\/498\/revisions"}],"predecessor-version":[{"id":3139,"href":"https:\/\/mikrotech.sk\/sk\/wp-json\/wp\/v2\/posts\/498\/revisions\/3139"}],"wp:featuredmedia":[{"embeddable":true,"href":"https:\/\/mikrotech.sk\/sk\/wp-json\/wp\/v2\/media\/2924"}],"wp:attachment":[{"href":"https:\/\/mikrotech.sk\/sk\/wp-json\/wp\/v2\/media?parent=498"}],"wp:term":[{"taxonomy":"category","embeddable":true,"href":"https:\/\/mikrotech.sk\/sk\/wp-json\/wp\/v2\/categories?post=498"},{"taxonomy":"post_tag","embeddable":true,"href":"https:\/\/mikrotech.sk\/sk\/wp-json\/wp\/v2\/tags?post=498"}],"curies":[{"name":"wp","href":"https:\/\/api.w.org\/{rel}","templated":true}]}}